{"provider_url": "https://www.horizonte.ce.leg.br", "title": "Nota de Pesar ", "html": "<p>Profissional competente, que contribuiu demasiadamente para o desenvolvimento da nossa cidade, deixa para todos n\u00f3s, um legado de trabalho humanizado e cativante.</p>\r\n<p>Em nome de todos os vereadores e funcion\u00e1rios, manifestamos profundo pesar e decretamos luto oficial de tr\u00eas dias. Prestamos nossas condol\u00eancias e solidariedade a todos os familiares e amigos. Que Deus em sua infinita bondade, traga o conforto e a for\u00e7a neste momento de grande dor.</p>", "author_name": "", "version": "1.0", "author_url": "https://www.horizonte.ce.leg.br/author/adm", "provider_name": "C\u00e2mara Municipal Horizonte/CE", "type": "rich"}